{"id":13355,"date":"2025-04-03T11:10:00","date_gmt":"2025-04-03T09:10:00","guid":{"rendered":"https:\/\/czecrin.cz\/czecrin-at-advancemed-2025\/"},"modified":"2026-08-20T13:30:25","modified_gmt":"2026-08-20T11:30:25","slug":"czecrin-at-advancemed-2025","status":"publish","type":"post","link":"https:\/\/czecrin.cz\/en\/czecrin-at-advancemed-2025\/","title":{"rendered":"CZECRIN at AdvanceMed 2025"},"content":{"rendered":"\n<p class=\"wp-block-paragraph\">We\u2019re spending the whole day today in Ostrava at the AdvanceMed 2025 conference, organized by Associate Professor <a href=\"https:\/\/www.linkedin.com\/in\/ondrej-volny-9957a760\/\">Ondrej Volny<\/a> of the Ostrava University Hospital and <a href=\"https:\/\/www.linkedin.com\/in\/petrsalomon\/\">Petr Salomon<\/a> of <a href=\"https:\/\/www.linkedin.com\/company\/sanopharm-cz\/\">SANOPHARM CZ, s.r.o.<\/a>, which bridges the gap between medicine and cutting-edge technologies \u2014from artificial intelligence and robotics to VR. We\u2019re delighted to be part of this exceptional program, featuring more than 40 speakers from prestigious institutions, and to be able to actively contribute ourselves, thanks to <a href=\"https:\/\/www.linkedin.com\/in\/souckova-lenka\/\">the wonderful Lenka Sou\u010dkov\u00e1<\/a>! <br\/><br\/>In one breath, CZECRIN presented the use of AI in the preparation, initiation, and conduct of clinical trials, and in the next, <a href=\"https:\/\/www.linkedin.com\/company\/muni-creatic\/\">MUNI | CREATIC<\/a> &#8211; <a href=\"https:\/\/www.linkedin.com\/company\/med-muni\/\">The Faculty of Medicine at Masaryk University<\/a> explained how innovation centers can truly transform healthcare\u2014not through virtual visions, but in concrete practice.<br\/><br\/>\ud83d\udd0d There were a number of inspiring presentations, including a speech by <a href=\"https:\/\/www.linkedin.com\/in\/jan-kavalirek-339a1a298\/\">Jan Kavalirek<\/a>, Deputy Minister of Industry and Trade, who highlighted the key objectives of the Czech Republic\u2019s new National Artificial Intelligence Strategy 2030: (<a href=\"https:\/\/lnkd.in\/e5xPZHBH\">https:\/\/lnkd.in\/e5xPZHBH<\/a>). The strategy identifies healthcare as one of the main areas where artificial intelligence has the potential to significantly improve the accessibility, efficiency, and quality of care. <br\/><br\/>Another excellent example of the practical application of modern technologies was the lecture <a href=\"https:\/\/www.linkedin.com\/in\/petr-ja%C5%A1%C5%A1o-291ab470\/\">by Petr Ja\u0161\u0161o<\/a> (\u201cThe Limits of Adult Education, or the Modern Ambulance Service\u201d). The Moravian-Silesian Region Emergency Medical Service uses VR and AI to create extremely realistic training scenarios\u2014so today, paramedics train for interventions in simulated fires, active attacks, or mass casualty incidents. Virtual patients have their own medical records, ages, and injuries\u2014and the team must respond correctly during the intervention. Thanks to VR, it\u2019s possible to replay the scenario and evaluate what could have been done better. The result is training that resembles a first-person film more than computer animation. And most importantly, it works.     <br\/><br\/>Overall, we heard a large number of very interesting presentations and discussions. We\u2019re already looking forward to next year\u2019s event! <br\/><br\/>AdvanceMed is thus not only an international networking platform, but also proof that the Czech Republic has the strategy, the will, and the people capable of implementing AI where it has the greatest impact\u2014for example, in healthcare.<\/p>\n\n<figure class=\"wp-block-image size-full\"><img loading=\"lazy\" decoding=\"async\" width=\"800\" height=\"600\" src=\"https:\/\/czecrin.cz\/wp-content\/uploads\/2026\/02\/image-2.png\" alt=\"CZECRIN AdvanceMed 2025\" class=\"wp-image-12033\" srcset=\"https:\/\/czecrin.cz\/wp-content\/uploads\/2026\/02\/image-2.png 800w, https:\/\/czecrin.cz\/wp-content\/uploads\/2026\/02\/image-2-480x360.png 480w\" sizes=\"(min-width: 0px) and (max-width: 480px) 480px, (min-width: 481px) 800px, 100vw\" \/><\/figure>\n","protected":false},"excerpt":{"rendered":"<p>We\u2019re spending the whole day today in Ostrava at the AdvanceMed 2025 conference, organized by Associate Professor Ondrej Volny of the Ostrava University Hospital and Petr Salomon of SANOPHARM CZ, [&hellip;]<\/p>\n","protected":false},"author":5,"featured_media":0,"comment_status":"closed","ping_status":"open","sticky":false,"template":"","format":"standard","meta":{"_acf_changed":false,"_et_pb_use_builder":"off","_et_pb_old_content":"","_et_gb_content_width":"","footnotes":""},"categories":[172,175,185],"tags":[195,189],"newsnews":[],"class_list":["post-13355","post","type-post","status-publish","format-standard","hentry","category-collaboration","category-event-2025","category-participation-in-events","tag-czecrin-academy","tag-patients"],"acf":[],"yoast_head":"<!-- This site is optimized with the Yoast SEO plugin v28.3 - https:\/\/yoast.com\/product\/yoast-seo-wordpress\/ -->\n<title>CZECRIN at AdvanceMed 2025 &#8226; CZECRIN - \u010cesk\u00e1 n\u00e1rodn\u00ed s\u00ed\u0165 pro podporu klinick\u00e9ho v\u00fdzkumu<\/title>\n<meta name=\"robots\" content=\"index, follow, max-snippet:-1, max-image-preview:large, max-video-preview:-1\" \/>\n<link rel=\"canonical\" href=\"https:\/\/czecrin.cz\/en\/czecrin-at-advancemed-2025\/\" \/>\n<meta property=\"og:locale\" content=\"en_US\" \/>\n<meta property=\"og:type\" content=\"article\" \/>\n<meta property=\"og:title\" content=\"CZECRIN at AdvanceMed 2025 &#8226; CZECRIN - \u010cesk\u00e1 n\u00e1rodn\u00ed s\u00ed\u0165 pro podporu klinick\u00e9ho v\u00fdzkumu\" \/>\n<meta property=\"og:description\" content=\"We\u2019re spending the whole day today in Ostrava at the AdvanceMed 2025 conference, organized by Associate Professor Ondrej Volny of the Ostrava University Hospital and Petr Salomon of SANOPHARM CZ, [&hellip;]\" \/>\n<meta property=\"og:url\" content=\"https:\/\/czecrin.cz\/en\/czecrin-at-advancemed-2025\/\" \/>\n<meta property=\"og:site_name\" content=\"CZECRIN - \u010cesk\u00e1 n\u00e1rodn\u00ed s\u00ed\u0165 pro podporu klinick\u00e9ho v\u00fdzkumu\" \/>\n<meta property=\"article:publisher\" content=\"https:\/\/www.facebook.com\/czecrin\" \/>\n<meta property=\"article:published_time\" content=\"2025-04-03T09:10:00+00:00\" \/>\n<meta property=\"article:modified_time\" content=\"2026-08-20T11:30:25+00:00\" \/>\n<meta property=\"og:image\" content=\"https:\/\/czecrin.cz\/wp-content\/uploads\/2026\/02\/image-2.png\" \/>\n\t<meta property=\"og:image:width\" content=\"800\" \/>\n\t<meta property=\"og:image:height\" content=\"600\" \/>\n\t<meta property=\"og:image:type\" content=\"image\/png\" \/>\n<meta name=\"author\" content=\"Mark\u00e9ta Sala\u010dov\u00e1\" \/>\n<meta name=\"twitter:card\" content=\"summary_large_image\" \/>\n<meta name=\"twitter:label1\" content=\"Written by\" \/>\n\t<meta name=\"twitter:data1\" content=\"Mark\u00e9ta Sala\u010dov\u00e1\" \/>\n\t<meta name=\"twitter:label2\" content=\"Est. reading time\" \/>\n\t<meta name=\"twitter:data2\" content=\"2 minutes\" \/>\n<script type=\"application\/ld+json\" class=\"yoast-schema-graph\">{\"@context\":\"https:\\\/\\\/schema.org\",\"@graph\":[{\"@type\":\"Article\",\"@id\":\"https:\\\/\\\/czecrin.cz\\\/en\\\/czecrin-at-advancemed-2025\\\/#article\",\"isPartOf\":{\"@id\":\"https:\\\/\\\/czecrin.cz\\\/en\\\/czecrin-at-advancemed-2025\\\/\"},\"author\":{\"name\":\"Mark\u00e9ta Sala\u010dov\u00e1\",\"@id\":\"https:\\\/\\\/czecrin.cz\\\/en\\\/#\\\/schema\\\/person\\\/33576b449c3ae5c5313228bdc5498dbb\"},\"headline\":\"CZECRIN at AdvanceMed 2025\",\"datePublished\":\"2025-04-03T09:10:00+00:00\",\"dateModified\":\"2026-08-20T11:30:25+00:00\",\"mainEntityOfPage\":{\"@id\":\"https:\\\/\\\/czecrin.cz\\\/en\\\/czecrin-at-advancemed-2025\\\/\"},\"wordCount\":370,\"publisher\":{\"@id\":\"https:\\\/\\\/czecrin.cz\\\/en\\\/#organization\"},\"image\":{\"@id\":\"https:\\\/\\\/czecrin.cz\\\/en\\\/czecrin-at-advancemed-2025\\\/#primaryimage\"},\"thumbnailUrl\":\"https:\\\/\\\/czecrin.cz\\\/wp-content\\\/uploads\\\/2026\\\/02\\\/image-2.png\",\"keywords\":[\"CZECRIN Academy\",\"Patients\"],\"articleSection\":[\"Collaboration\",\"Event 2025\",\"Participation in events\"],\"inLanguage\":\"en-US\"},{\"@type\":\"WebPage\",\"@id\":\"https:\\\/\\\/czecrin.cz\\\/en\\\/czecrin-at-advancemed-2025\\\/\",\"url\":\"https:\\\/\\\/czecrin.cz\\\/en\\\/czecrin-at-advancemed-2025\\\/\",\"name\":\"CZECRIN at AdvanceMed 2025 &#8226; CZECRIN - \u010cesk\u00e1 n\u00e1rodn\u00ed s\u00ed\u0165 pro podporu klinick\u00e9ho v\u00fdzkumu\",\"isPartOf\":{\"@id\":\"https:\\\/\\\/czecrin.cz\\\/en\\\/#website\"},\"primaryImageOfPage\":{\"@id\":\"https:\\\/\\\/czecrin.cz\\\/en\\\/czecrin-at-advancemed-2025\\\/#primaryimage\"},\"image\":{\"@id\":\"https:\\\/\\\/czecrin.cz\\\/en\\\/czecrin-at-advancemed-2025\\\/#primaryimage\"},\"thumbnailUrl\":\"https:\\\/\\\/czecrin.cz\\\/wp-content\\\/uploads\\\/2026\\\/02\\\/image-2.png\",\"datePublished\":\"2025-04-03T09:10:00+00:00\",\"dateModified\":\"2026-08-20T11:30:25+00:00\",\"breadcrumb\":{\"@id\":\"https:\\\/\\\/czecrin.cz\\\/en\\\/czecrin-at-advancemed-2025\\\/#breadcrumb\"},\"inLanguage\":\"en-US\",\"potentialAction\":[{\"@type\":\"ReadAction\",\"target\":[\"https:\\\/\\\/czecrin.cz\\\/en\\\/czecrin-at-advancemed-2025\\\/\"]}]},{\"@type\":\"ImageObject\",\"inLanguage\":\"en-US\",\"@id\":\"https:\\\/\\\/czecrin.cz\\\/en\\\/czecrin-at-advancemed-2025\\\/#primaryimage\",\"url\":\"https:\\\/\\\/czecrin.cz\\\/wp-content\\\/uploads\\\/2026\\\/02\\\/image-2.png\",\"contentUrl\":\"https:\\\/\\\/czecrin.cz\\\/wp-content\\\/uploads\\\/2026\\\/02\\\/image-2.png\"},{\"@type\":\"BreadcrumbList\",\"@id\":\"https:\\\/\\\/czecrin.cz\\\/en\\\/czecrin-at-advancemed-2025\\\/#breadcrumb\",\"itemListElement\":[{\"@type\":\"ListItem\",\"position\":1,\"name\":\"Dom\u016f\",\"item\":\"https:\\\/\\\/czecrin.cz\\\/en\\\/\"},{\"@type\":\"ListItem\",\"position\":2,\"name\":\"CZECRIN at AdvanceMed 2025\"}]},{\"@type\":\"WebSite\",\"@id\":\"https:\\\/\\\/czecrin.cz\\\/en\\\/#website\",\"url\":\"https:\\\/\\\/czecrin.cz\\\/en\\\/\",\"name\":\"CZECRIN\",\"description\":\"\u010cesk\u00e1 n\u00e1rodn\u00ed s\u00ed\u0165 pro podporu klinick\u00e9ho v\u00fdzkumu\",\"publisher\":{\"@id\":\"https:\\\/\\\/czecrin.cz\\\/en\\\/#organization\"},\"alternateName\":\"\u010cesk\u00e1 n\u00e1rodn\u00ed s\u00ed\u0165 pro podporu klinick\u00e9ho v\u00fdzkumu\",\"potentialAction\":[{\"@type\":\"SearchAction\",\"target\":{\"@type\":\"EntryPoint\",\"urlTemplate\":\"https:\\\/\\\/czecrin.cz\\\/en\\\/?s={search_term_string}\"},\"query-input\":{\"@type\":\"PropertyValueSpecification\",\"valueRequired\":true,\"valueName\":\"search_term_string\"}}],\"inLanguage\":\"en-US\"},{\"@type\":\"Organization\",\"@id\":\"https:\\\/\\\/czecrin.cz\\\/en\\\/#organization\",\"name\":\"VVI CZECRIN\",\"alternateName\":\"\u010cesk\u00e1 n\u00e1rodn\u00ed s\u00ed\u0165 pro podporu klinick\u00e9ho v\u00fdzkumu\",\"url\":\"https:\\\/\\\/czecrin.cz\\\/en\\\/\",\"logo\":{\"@type\":\"ImageObject\",\"inLanguage\":\"en-US\",\"@id\":\"https:\\\/\\\/czecrin.cz\\\/en\\\/#\\\/schema\\\/logo\\\/image\\\/\",\"url\":\"https:\\\/\\\/czecrin.cz\\\/wp-content\\\/uploads\\\/2025\\\/02\\\/czecrin__zakladni-logo-1.png\",\"contentUrl\":\"https:\\\/\\\/czecrin.cz\\\/wp-content\\\/uploads\\\/2025\\\/02\\\/czecrin__zakladni-logo-1.png\",\"width\":1733,\"height\":952,\"caption\":\"VVI CZECRIN\"},\"image\":{\"@id\":\"https:\\\/\\\/czecrin.cz\\\/en\\\/#\\\/schema\\\/logo\\\/image\\\/\"},\"sameAs\":[\"https:\\\/\\\/www.facebook.com\\\/czecrin\",\"https:\\\/\\\/www.linkedin.com\\\/company\\\/czecrin\\\/\"]},{\"@type\":\"Person\",\"@id\":\"https:\\\/\\\/czecrin.cz\\\/en\\\/#\\\/schema\\\/person\\\/33576b449c3ae5c5313228bdc5498dbb\",\"name\":\"Mark\u00e9ta Sala\u010dov\u00e1\",\"image\":{\"@type\":\"ImageObject\",\"inLanguage\":\"en-US\",\"@id\":\"https:\\\/\\\/secure.gravatar.com\\\/avatar\\\/dd5fbca3038ee924717e78a62dd34c2f6167f10cb1e9dab4774d11ea3d205812?s=96&d=mm&r=g\",\"url\":\"https:\\\/\\\/secure.gravatar.com\\\/avatar\\\/dd5fbca3038ee924717e78a62dd34c2f6167f10cb1e9dab4774d11ea3d205812?s=96&d=mm&r=g\",\"contentUrl\":\"https:\\\/\\\/secure.gravatar.com\\\/avatar\\\/dd5fbca3038ee924717e78a62dd34c2f6167f10cb1e9dab4774d11ea3d205812?s=96&d=mm&r=g\",\"caption\":\"Mark\u00e9ta Sala\u010dov\u00e1\"},\"description\":\"Works in PR and marketing at Masaryk University, focusing on communication and outreach in clinical research. She is involved in national and international research infrastructures, supporting visibility, collaboration, and knowledge transfer in the biomedical research environment.\",\"sameAs\":[\"https:\\\/\\\/www.linkedin.com\\\/in\\\/marketasalacova\\\/\"]}]}<\/script>\n<!-- \/ Yoast SEO plugin. -->","yoast_head_json":{"title":"CZECRIN at AdvanceMed 2025 &#8226; CZECRIN - \u010cesk\u00e1 n\u00e1rodn\u00ed s\u00ed\u0165 pro podporu klinick\u00e9ho v\u00fdzkumu","robots":{"index":"index","follow":"follow","max-snippet":"max-snippet:-1","max-image-preview":"max-image-preview:large","max-video-preview":"max-video-preview:-1"},"canonical":"https:\/\/czecrin.cz\/en\/czecrin-at-advancemed-2025\/","og_locale":"en_US","og_type":"article","og_title":"CZECRIN at AdvanceMed 2025 &#8226; CZECRIN - \u010cesk\u00e1 n\u00e1rodn\u00ed s\u00ed\u0165 pro podporu klinick\u00e9ho v\u00fdzkumu","og_description":"We\u2019re spending the whole day today in Ostrava at the AdvanceMed 2025 conference, organized by Associate Professor Ondrej Volny of the Ostrava University Hospital and Petr Salomon of SANOPHARM CZ, [&hellip;]","og_url":"https:\/\/czecrin.cz\/en\/czecrin-at-advancemed-2025\/","og_site_name":"CZECRIN - \u010cesk\u00e1 n\u00e1rodn\u00ed s\u00ed\u0165 pro podporu klinick\u00e9ho v\u00fdzkumu","article_publisher":"https:\/\/www.facebook.com\/czecrin","article_published_time":"2025-04-03T09:10:00+00:00","article_modified_time":"2026-08-20T11:30:25+00:00","og_image":[{"width":800,"height":600,"url":"https:\/\/czecrin.cz\/wp-content\/uploads\/2026\/02\/image-2.png","type":"image\/png"}],"author":"Mark\u00e9ta Sala\u010dov\u00e1","twitter_card":"summary_large_image","twitter_misc":{"Written by":"Mark\u00e9ta Sala\u010dov\u00e1","Est. reading time":"2 minutes"},"schema":{"@context":"https:\/\/schema.org","@graph":[{"@type":"Article","@id":"https:\/\/czecrin.cz\/en\/czecrin-at-advancemed-2025\/#article","isPartOf":{"@id":"https:\/\/czecrin.cz\/en\/czecrin-at-advancemed-2025\/"},"author":{"name":"Mark\u00e9ta Sala\u010dov\u00e1","@id":"https:\/\/czecrin.cz\/en\/#\/schema\/person\/33576b449c3ae5c5313228bdc5498dbb"},"headline":"CZECRIN at AdvanceMed 2025","datePublished":"2025-04-03T09:10:00+00:00","dateModified":"2026-08-20T11:30:25+00:00","mainEntityOfPage":{"@id":"https:\/\/czecrin.cz\/en\/czecrin-at-advancemed-2025\/"},"wordCount":370,"publisher":{"@id":"https:\/\/czecrin.cz\/en\/#organization"},"image":{"@id":"https:\/\/czecrin.cz\/en\/czecrin-at-advancemed-2025\/#primaryimage"},"thumbnailUrl":"https:\/\/czecrin.cz\/wp-content\/uploads\/2026\/02\/image-2.png","keywords":["CZECRIN Academy","Patients"],"articleSection":["Collaboration","Event 2025","Participation in events"],"inLanguage":"en-US"},{"@type":"WebPage","@id":"https:\/\/czecrin.cz\/en\/czecrin-at-advancemed-2025\/","url":"https:\/\/czecrin.cz\/en\/czecrin-at-advancemed-2025\/","name":"CZECRIN at AdvanceMed 2025 &#8226; CZECRIN - \u010cesk\u00e1 n\u00e1rodn\u00ed s\u00ed\u0165 pro podporu klinick\u00e9ho v\u00fdzkumu","isPartOf":{"@id":"https:\/\/czecrin.cz\/en\/#website"},"primaryImageOfPage":{"@id":"https:\/\/czecrin.cz\/en\/czecrin-at-advancemed-2025\/#primaryimage"},"image":{"@id":"https:\/\/czecrin.cz\/en\/czecrin-at-advancemed-2025\/#primaryimage"},"thumbnailUrl":"https:\/\/czecrin.cz\/wp-content\/uploads\/2026\/02\/image-2.png","datePublished":"2025-04-03T09:10:00+00:00","dateModified":"2026-08-20T11:30:25+00:00","breadcrumb":{"@id":"https:\/\/czecrin.cz\/en\/czecrin-at-advancemed-2025\/#breadcrumb"},"inLanguage":"en-US","potentialAction":[{"@type":"ReadAction","target":["https:\/\/czecrin.cz\/en\/czecrin-at-advancemed-2025\/"]}]},{"@type":"ImageObject","inLanguage":"en-US","@id":"https:\/\/czecrin.cz\/en\/czecrin-at-advancemed-2025\/#primaryimage","url":"https:\/\/czecrin.cz\/wp-content\/uploads\/2026\/02\/image-2.png","contentUrl":"https:\/\/czecrin.cz\/wp-content\/uploads\/2026\/02\/image-2.png"},{"@type":"BreadcrumbList","@id":"https:\/\/czecrin.cz\/en\/czecrin-at-advancemed-2025\/#breadcrumb","itemListElement":[{"@type":"ListItem","position":1,"name":"Dom\u016f","item":"https:\/\/czecrin.cz\/en\/"},{"@type":"ListItem","position":2,"name":"CZECRIN at AdvanceMed 2025"}]},{"@type":"WebSite","@id":"https:\/\/czecrin.cz\/en\/#website","url":"https:\/\/czecrin.cz\/en\/","name":"CZECRIN","description":"\u010cesk\u00e1 n\u00e1rodn\u00ed s\u00ed\u0165 pro podporu klinick\u00e9ho v\u00fdzkumu","publisher":{"@id":"https:\/\/czecrin.cz\/en\/#organization"},"alternateName":"\u010cesk\u00e1 n\u00e1rodn\u00ed s\u00ed\u0165 pro podporu klinick\u00e9ho v\u00fdzkumu","potentialAction":[{"@type":"SearchAction","target":{"@type":"EntryPoint","urlTemplate":"https:\/\/czecrin.cz\/en\/?s={search_term_string}"},"query-input":{"@type":"PropertyValueSpecification","valueRequired":true,"valueName":"search_term_string"}}],"inLanguage":"en-US"},{"@type":"Organization","@id":"https:\/\/czecrin.cz\/en\/#organization","name":"VVI CZECRIN","alternateName":"\u010cesk\u00e1 n\u00e1rodn\u00ed s\u00ed\u0165 pro podporu klinick\u00e9ho v\u00fdzkumu","url":"https:\/\/czecrin.cz\/en\/","logo":{"@type":"ImageObject","inLanguage":"en-US","@id":"https:\/\/czecrin.cz\/en\/#\/schema\/logo\/image\/","url":"https:\/\/czecrin.cz\/wp-content\/uploads\/2025\/02\/czecrin__zakladni-logo-1.png","contentUrl":"https:\/\/czecrin.cz\/wp-content\/uploads\/2025\/02\/czecrin__zakladni-logo-1.png","width":1733,"height":952,"caption":"VVI CZECRIN"},"image":{"@id":"https:\/\/czecrin.cz\/en\/#\/schema\/logo\/image\/"},"sameAs":["https:\/\/www.facebook.com\/czecrin","https:\/\/www.linkedin.com\/company\/czecrin\/"]},{"@type":"Person","@id":"https:\/\/czecrin.cz\/en\/#\/schema\/person\/33576b449c3ae5c5313228bdc5498dbb","name":"Mark\u00e9ta Sala\u010dov\u00e1","image":{"@type":"ImageObject","inLanguage":"en-US","@id":"https:\/\/secure.gravatar.com\/avatar\/dd5fbca3038ee924717e78a62dd34c2f6167f10cb1e9dab4774d11ea3d205812?s=96&d=mm&r=g","url":"https:\/\/secure.gravatar.com\/avatar\/dd5fbca3038ee924717e78a62dd34c2f6167f10cb1e9dab4774d11ea3d205812?s=96&d=mm&r=g","contentUrl":"https:\/\/secure.gravatar.com\/avatar\/dd5fbca3038ee924717e78a62dd34c2f6167f10cb1e9dab4774d11ea3d205812?s=96&d=mm&r=g","caption":"Mark\u00e9ta Sala\u010dov\u00e1"},"description":"Works in PR and marketing at Masaryk University, focusing on communication and outreach in clinical research. She is involved in national and international research infrastructures, supporting visibility, collaboration, and knowledge transfer in the biomedical research environment.","sameAs":["https:\/\/www.linkedin.com\/in\/marketasalacova\/"]}]}},"_links":{"self":[{"href":"https:\/\/czecrin.cz\/en\/wp-json\/wp\/v2\/posts\/13355","targetHints":{"allow":["GET"]}}],"collection":[{"href":"https:\/\/czecrin.cz\/en\/wp-json\/wp\/v2\/posts"}],"about":[{"href":"https:\/\/czecrin.cz\/en\/wp-json\/wp\/v2\/types\/post"}],"author":[{"embeddable":true,"href":"https:\/\/czecrin.cz\/en\/wp-json\/wp\/v2\/users\/5"}],"replies":[{"embeddable":true,"href":"https:\/\/czecrin.cz\/en\/wp-json\/wp\/v2\/comments?post=13355"}],"version-history":[{"count":3,"href":"https:\/\/czecrin.cz\/en\/wp-json\/wp\/v2\/posts\/13355\/revisions"}],"predecessor-version":[{"id":13358,"href":"https:\/\/czecrin.cz\/en\/wp-json\/wp\/v2\/posts\/13355\/revisions\/13358"}],"wp:attachment":[{"href":"https:\/\/czecrin.cz\/en\/wp-json\/wp\/v2\/media?parent=13355"}],"wp:term":[{"taxonomy":"category","embeddable":true,"href":"https:\/\/czecrin.cz\/en\/wp-json\/wp\/v2\/categories?post=13355"},{"taxonomy":"post_tag","embeddable":true,"href":"https:\/\/czecrin.cz\/en\/wp-json\/wp\/v2\/tags?post=13355"},{"taxonomy":"newsnews","embeddable":true,"href":"https:\/\/czecrin.cz\/en\/wp-json\/wp\/v2\/newsnews?post=13355"}],"curies":[{"name":"wp","href":"https:\/\/api.w.org\/{rel}","templated":true}]}}