{"id":13353,"date":"2025-04-10T11:13:00","date_gmt":"2025-04-10T09:13:00","guid":{"rendered":"https:\/\/czecrin.cz\/professional-meeting-with-prague-bio\/"},"modified":"2026-08-20T13:28:50","modified_gmt":"2026-08-20T11:28:50","slug":"professional-meeting-with-prague-bio","status":"publish","type":"post","link":"https:\/\/czecrin.cz\/en\/professional-meeting-with-prague-bio\/","title":{"rendered":"Professional Meeting with Prague.bio"},"content":{"rendered":"\n<p class=\"wp-block-paragraph\">CZECRIN was part of a professional conference organized by <a href=\"https:\/\/www.linkedin.com\/company\/ceitec---central-european-institute-of-technology\/\">CEITEC\u2014the Central European Institute of Technology<\/a> \u2014in collaboration with <a href=\"https:\/\/www.linkedin.com\/company\/prague-bio\/\">Prague.bio<\/a>, with the goal of connecting key players from the academic, research, and private sectors and exploring opportunities for closer collaboration.<br\/><br\/><a href=\"http:\/\/prague.bio\/\">Prague.bio<\/a> was founded in 2023 with the goal of fostering the biotechnology community in the Czech Republic and raising its profile not only domestically but also internationally. It brings together leading universities, research institutes, startups, and established companies, and emphasizes innovation and the effective transfer of research results into practical applications. <br\/><br\/>Representing <a href=\"https:\/\/www.linkedin.com\/company\/muni-creatic\/\">MUNI | CREATIC<\/a>, Dr. <a href=\"https:\/\/www.linkedin.com\/in\/jirideml\/\">Jiri Deml<\/a> gave a presentation in which he highlighted, among other things, the unique role <a href=\"https:\/\/www.linkedin.com\/company\/czecrin\/\">of CZECRIN<\/a>, which has become <strong>the National Infrastructure for Clinical Research<\/strong>.<\/p>\n\n<p class=\"wp-block-paragraph\">We are part of the European ECRIN ERIC network, and thanks to a network of collaborating hospitals, specialized hubs, and experts, we provide comprehensive support for clinical trials in the Czech Republic.<\/p>\n\n<p class=\"wp-block-paragraph\"><br\/>What speaks for us:<br\/>\ud83d\udd39 300 requests for collaboration per year<br\/>\ud83d\udd39 More than 12,000 patients in clinical trials.<br\/>\ud83d\udd39 Expert support in the areas of regulations, pharmacovigilance, data analysis, and education.<\/p>\n\n<p class=\"wp-block-paragraph\"><\/p>\n\n<figure class=\"wp-block-image size-full is-resized\"><img loading=\"lazy\" decoding=\"async\" width=\"800\" height=\"600\" src=\"https:\/\/czecrin.cz\/wp-content\/uploads\/2026\/02\/image-3.png\" alt=\"\" class=\"wp-image-12037\" style=\"width:480px;height:auto\" srcset=\"https:\/\/czecrin.cz\/wp-content\/uploads\/2026\/02\/image-3.png 800w, https:\/\/czecrin.cz\/wp-content\/uploads\/2026\/02\/image-3-480x360.png 480w\" sizes=\"(min-width: 0px) and (max-width: 480px) 480px, (min-width: 481px) 800px, 100vw\" \/><\/figure>\n","protected":false},"excerpt":{"rendered":"<p>CZECRIN was part of a professional conference organized by CEITEC\u2014the Central European Institute of Technology \u2014in collaboration with Prague.bio, with the goal of connecting key players from the academic, research, [&hellip;]<\/p>\n","protected":false},"author":5,"featured_media":0,"comment_status":"closed","ping_status":"open","sticky":false,"template":"","format":"standard","meta":{"_acf_changed":false,"_et_pb_use_builder":"off","_et_pb_old_content":"","_et_gb_content_width":"","footnotes":""},"categories":[172,175],"tags":[270,272,271],"newsnews":[],"class_list":["post-13353","post","type-post","status-publish","format-standard","hentry","category-collaboration","category-event-2025","tag-ceitec","tag-collaboration","tag-prague-bio"],"acf":[],"yoast_head":"<!-- This site is optimized with the Yoast SEO plugin v28.3 - https:\/\/yoast.com\/product\/yoast-seo-wordpress\/ -->\n<title>Professional Meeting with Prague.bio &#8226; CZECRIN - \u010cesk\u00e1 n\u00e1rodn\u00ed s\u00ed\u0165 pro podporu klinick\u00e9ho v\u00fdzkumu<\/title>\n<meta name=\"robots\" content=\"index, follow, max-snippet:-1, max-image-preview:large, max-video-preview:-1\" \/>\n<link rel=\"canonical\" href=\"https:\/\/czecrin.cz\/en\/professional-meeting-with-prague-bio\/\" \/>\n<meta property=\"og:locale\" content=\"en_US\" \/>\n<meta property=\"og:type\" content=\"article\" \/>\n<meta property=\"og:title\" content=\"Professional Meeting with Prague.bio &#8226; CZECRIN - \u010cesk\u00e1 n\u00e1rodn\u00ed s\u00ed\u0165 pro podporu klinick\u00e9ho v\u00fdzkumu\" \/>\n<meta property=\"og:description\" content=\"CZECRIN was part of a professional conference organized by CEITEC\u2014the Central European Institute of Technology \u2014in collaboration with Prague.bio, with the goal of connecting key players from the academic, research, [&hellip;]\" \/>\n<meta property=\"og:url\" content=\"https:\/\/czecrin.cz\/en\/professional-meeting-with-prague-bio\/\" \/>\n<meta property=\"og:site_name\" content=\"CZECRIN - \u010cesk\u00e1 n\u00e1rodn\u00ed s\u00ed\u0165 pro podporu klinick\u00e9ho v\u00fdzkumu\" \/>\n<meta property=\"article:publisher\" content=\"https:\/\/www.facebook.com\/czecrin\" \/>\n<meta property=\"article:published_time\" content=\"2025-04-10T09:13:00+00:00\" \/>\n<meta property=\"article:modified_time\" content=\"2026-08-20T11:28:50+00:00\" \/>\n<meta property=\"og:image\" content=\"https:\/\/czecrin.cz\/wp-content\/uploads\/2026\/02\/image-3.png\" \/>\n\t<meta property=\"og:image:width\" content=\"800\" \/>\n\t<meta property=\"og:image:height\" content=\"600\" \/>\n\t<meta property=\"og:image:type\" content=\"image\/png\" \/>\n<meta name=\"author\" content=\"Mark\u00e9ta Sala\u010dov\u00e1\" \/>\n<meta name=\"twitter:card\" content=\"summary_large_image\" \/>\n<meta name=\"twitter:label1\" content=\"Written by\" \/>\n\t<meta name=\"twitter:data1\" content=\"Mark\u00e9ta Sala\u010dov\u00e1\" \/>\n\t<meta name=\"twitter:label2\" content=\"Est. reading time\" \/>\n\t<meta name=\"twitter:data2\" content=\"1 minute\" \/>\n<script type=\"application\/ld+json\" class=\"yoast-schema-graph\">{\"@context\":\"https:\\\/\\\/schema.org\",\"@graph\":[{\"@type\":\"Article\",\"@id\":\"https:\\\/\\\/czecrin.cz\\\/en\\\/professional-meeting-with-prague-bio\\\/#article\",\"isPartOf\":{\"@id\":\"https:\\\/\\\/czecrin.cz\\\/en\\\/professional-meeting-with-prague-bio\\\/\"},\"author\":{\"name\":\"Mark\u00e9ta Sala\u010dov\u00e1\",\"@id\":\"https:\\\/\\\/czecrin.cz\\\/en\\\/#\\\/schema\\\/person\\\/33576b449c3ae5c5313228bdc5498dbb\"},\"headline\":\"Professional Meeting with Prague.bio\",\"datePublished\":\"2025-04-10T09:13:00+00:00\",\"dateModified\":\"2026-08-20T11:28:50+00:00\",\"mainEntityOfPage\":{\"@id\":\"https:\\\/\\\/czecrin.cz\\\/en\\\/professional-meeting-with-prague-bio\\\/\"},\"wordCount\":186,\"publisher\":{\"@id\":\"https:\\\/\\\/czecrin.cz\\\/en\\\/#organization\"},\"image\":{\"@id\":\"https:\\\/\\\/czecrin.cz\\\/en\\\/professional-meeting-with-prague-bio\\\/#primaryimage\"},\"thumbnailUrl\":\"https:\\\/\\\/czecrin.cz\\\/wp-content\\\/uploads\\\/2026\\\/02\\\/image-3.png\",\"keywords\":[\"CEITEC\",\"Collaboration\",\"Prague.Bio\"],\"articleSection\":[\"Collaboration\",\"Event 2025\"],\"inLanguage\":\"en-US\"},{\"@type\":\"WebPage\",\"@id\":\"https:\\\/\\\/czecrin.cz\\\/en\\\/professional-meeting-with-prague-bio\\\/\",\"url\":\"https:\\\/\\\/czecrin.cz\\\/en\\\/professional-meeting-with-prague-bio\\\/\",\"name\":\"Professional Meeting with Prague.bio &#8226; CZECRIN - \u010cesk\u00e1 n\u00e1rodn\u00ed s\u00ed\u0165 pro podporu klinick\u00e9ho v\u00fdzkumu\",\"isPartOf\":{\"@id\":\"https:\\\/\\\/czecrin.cz\\\/en\\\/#website\"},\"primaryImageOfPage\":{\"@id\":\"https:\\\/\\\/czecrin.cz\\\/en\\\/professional-meeting-with-prague-bio\\\/#primaryimage\"},\"image\":{\"@id\":\"https:\\\/\\\/czecrin.cz\\\/en\\\/professional-meeting-with-prague-bio\\\/#primaryimage\"},\"thumbnailUrl\":\"https:\\\/\\\/czecrin.cz\\\/wp-content\\\/uploads\\\/2026\\\/02\\\/image-3.png\",\"datePublished\":\"2025-04-10T09:13:00+00:00\",\"dateModified\":\"2026-08-20T11:28:50+00:00\",\"breadcrumb\":{\"@id\":\"https:\\\/\\\/czecrin.cz\\\/en\\\/professional-meeting-with-prague-bio\\\/#breadcrumb\"},\"inLanguage\":\"en-US\",\"potentialAction\":[{\"@type\":\"ReadAction\",\"target\":[\"https:\\\/\\\/czecrin.cz\\\/en\\\/professional-meeting-with-prague-bio\\\/\"]}]},{\"@type\":\"ImageObject\",\"inLanguage\":\"en-US\",\"@id\":\"https:\\\/\\\/czecrin.cz\\\/en\\\/professional-meeting-with-prague-bio\\\/#primaryimage\",\"url\":\"https:\\\/\\\/czecrin.cz\\\/wp-content\\\/uploads\\\/2026\\\/02\\\/image-3.png\",\"contentUrl\":\"https:\\\/\\\/czecrin.cz\\\/wp-content\\\/uploads\\\/2026\\\/02\\\/image-3.png\"},{\"@type\":\"BreadcrumbList\",\"@id\":\"https:\\\/\\\/czecrin.cz\\\/en\\\/professional-meeting-with-prague-bio\\\/#breadcrumb\",\"itemListElement\":[{\"@type\":\"ListItem\",\"position\":1,\"name\":\"Dom\u016f\",\"item\":\"https:\\\/\\\/czecrin.cz\\\/en\\\/\"},{\"@type\":\"ListItem\",\"position\":2,\"name\":\"Professional Meeting with Prague.bio\"}]},{\"@type\":\"WebSite\",\"@id\":\"https:\\\/\\\/czecrin.cz\\\/en\\\/#website\",\"url\":\"https:\\\/\\\/czecrin.cz\\\/en\\\/\",\"name\":\"CZECRIN\",\"description\":\"\u010cesk\u00e1 n\u00e1rodn\u00ed s\u00ed\u0165 pro podporu klinick\u00e9ho v\u00fdzkumu\",\"publisher\":{\"@id\":\"https:\\\/\\\/czecrin.cz\\\/en\\\/#organization\"},\"alternateName\":\"\u010cesk\u00e1 n\u00e1rodn\u00ed s\u00ed\u0165 pro podporu klinick\u00e9ho v\u00fdzkumu\",\"potentialAction\":[{\"@type\":\"SearchAction\",\"target\":{\"@type\":\"EntryPoint\",\"urlTemplate\":\"https:\\\/\\\/czecrin.cz\\\/en\\\/?s={search_term_string}\"},\"query-input\":{\"@type\":\"PropertyValueSpecification\",\"valueRequired\":true,\"valueName\":\"search_term_string\"}}],\"inLanguage\":\"en-US\"},{\"@type\":\"Organization\",\"@id\":\"https:\\\/\\\/czecrin.cz\\\/en\\\/#organization\",\"name\":\"VVI CZECRIN\",\"alternateName\":\"\u010cesk\u00e1 n\u00e1rodn\u00ed s\u00ed\u0165 pro podporu klinick\u00e9ho v\u00fdzkumu\",\"url\":\"https:\\\/\\\/czecrin.cz\\\/en\\\/\",\"logo\":{\"@type\":\"ImageObject\",\"inLanguage\":\"en-US\",\"@id\":\"https:\\\/\\\/czecrin.cz\\\/en\\\/#\\\/schema\\\/logo\\\/image\\\/\",\"url\":\"https:\\\/\\\/czecrin.cz\\\/wp-content\\\/uploads\\\/2025\\\/02\\\/czecrin__zakladni-logo-1.png\",\"contentUrl\":\"https:\\\/\\\/czecrin.cz\\\/wp-content\\\/uploads\\\/2025\\\/02\\\/czecrin__zakladni-logo-1.png\",\"width\":1733,\"height\":952,\"caption\":\"VVI CZECRIN\"},\"image\":{\"@id\":\"https:\\\/\\\/czecrin.cz\\\/en\\\/#\\\/schema\\\/logo\\\/image\\\/\"},\"sameAs\":[\"https:\\\/\\\/www.facebook.com\\\/czecrin\",\"https:\\\/\\\/www.linkedin.com\\\/company\\\/czecrin\\\/\"]},{\"@type\":\"Person\",\"@id\":\"https:\\\/\\\/czecrin.cz\\\/en\\\/#\\\/schema\\\/person\\\/33576b449c3ae5c5313228bdc5498dbb\",\"name\":\"Mark\u00e9ta Sala\u010dov\u00e1\",\"image\":{\"@type\":\"ImageObject\",\"inLanguage\":\"en-US\",\"@id\":\"https:\\\/\\\/secure.gravatar.com\\\/avatar\\\/dd5fbca3038ee924717e78a62dd34c2f6167f10cb1e9dab4774d11ea3d205812?s=96&d=mm&r=g\",\"url\":\"https:\\\/\\\/secure.gravatar.com\\\/avatar\\\/dd5fbca3038ee924717e78a62dd34c2f6167f10cb1e9dab4774d11ea3d205812?s=96&d=mm&r=g\",\"contentUrl\":\"https:\\\/\\\/secure.gravatar.com\\\/avatar\\\/dd5fbca3038ee924717e78a62dd34c2f6167f10cb1e9dab4774d11ea3d205812?s=96&d=mm&r=g\",\"caption\":\"Mark\u00e9ta Sala\u010dov\u00e1\"},\"description\":\"Works in PR and marketing at Masaryk University, focusing on communication and outreach in clinical research. She is involved in national and international research infrastructures, supporting visibility, collaboration, and knowledge transfer in the biomedical research environment.\",\"sameAs\":[\"https:\\\/\\\/www.linkedin.com\\\/in\\\/marketasalacova\\\/\"]}]}<\/script>\n<!-- \/ Yoast SEO plugin. -->","yoast_head_json":{"title":"Professional Meeting with Prague.bio &#8226; CZECRIN - \u010cesk\u00e1 n\u00e1rodn\u00ed s\u00ed\u0165 pro podporu klinick\u00e9ho v\u00fdzkumu","robots":{"index":"index","follow":"follow","max-snippet":"max-snippet:-1","max-image-preview":"max-image-preview:large","max-video-preview":"max-video-preview:-1"},"canonical":"https:\/\/czecrin.cz\/en\/professional-meeting-with-prague-bio\/","og_locale":"en_US","og_type":"article","og_title":"Professional Meeting with Prague.bio &#8226; CZECRIN - \u010cesk\u00e1 n\u00e1rodn\u00ed s\u00ed\u0165 pro podporu klinick\u00e9ho v\u00fdzkumu","og_description":"CZECRIN was part of a professional conference organized by CEITEC\u2014the Central European Institute of Technology \u2014in collaboration with Prague.bio, with the goal of connecting key players from the academic, research, [&hellip;]","og_url":"https:\/\/czecrin.cz\/en\/professional-meeting-with-prague-bio\/","og_site_name":"CZECRIN - \u010cesk\u00e1 n\u00e1rodn\u00ed s\u00ed\u0165 pro podporu klinick\u00e9ho v\u00fdzkumu","article_publisher":"https:\/\/www.facebook.com\/czecrin","article_published_time":"2025-04-10T09:13:00+00:00","article_modified_time":"2026-08-20T11:28:50+00:00","og_image":[{"width":800,"height":600,"url":"https:\/\/czecrin.cz\/wp-content\/uploads\/2026\/02\/image-3.png","type":"image\/png"}],"author":"Mark\u00e9ta Sala\u010dov\u00e1","twitter_card":"summary_large_image","twitter_misc":{"Written by":"Mark\u00e9ta Sala\u010dov\u00e1","Est. reading time":"1 minute"},"schema":{"@context":"https:\/\/schema.org","@graph":[{"@type":"Article","@id":"https:\/\/czecrin.cz\/en\/professional-meeting-with-prague-bio\/#article","isPartOf":{"@id":"https:\/\/czecrin.cz\/en\/professional-meeting-with-prague-bio\/"},"author":{"name":"Mark\u00e9ta Sala\u010dov\u00e1","@id":"https:\/\/czecrin.cz\/en\/#\/schema\/person\/33576b449c3ae5c5313228bdc5498dbb"},"headline":"Professional Meeting with Prague.bio","datePublished":"2025-04-10T09:13:00+00:00","dateModified":"2026-08-20T11:28:50+00:00","mainEntityOfPage":{"@id":"https:\/\/czecrin.cz\/en\/professional-meeting-with-prague-bio\/"},"wordCount":186,"publisher":{"@id":"https:\/\/czecrin.cz\/en\/#organization"},"image":{"@id":"https:\/\/czecrin.cz\/en\/professional-meeting-with-prague-bio\/#primaryimage"},"thumbnailUrl":"https:\/\/czecrin.cz\/wp-content\/uploads\/2026\/02\/image-3.png","keywords":["CEITEC","Collaboration","Prague.Bio"],"articleSection":["Collaboration","Event 2025"],"inLanguage":"en-US"},{"@type":"WebPage","@id":"https:\/\/czecrin.cz\/en\/professional-meeting-with-prague-bio\/","url":"https:\/\/czecrin.cz\/en\/professional-meeting-with-prague-bio\/","name":"Professional Meeting with Prague.bio &#8226; CZECRIN - \u010cesk\u00e1 n\u00e1rodn\u00ed s\u00ed\u0165 pro podporu klinick\u00e9ho v\u00fdzkumu","isPartOf":{"@id":"https:\/\/czecrin.cz\/en\/#website"},"primaryImageOfPage":{"@id":"https:\/\/czecrin.cz\/en\/professional-meeting-with-prague-bio\/#primaryimage"},"image":{"@id":"https:\/\/czecrin.cz\/en\/professional-meeting-with-prague-bio\/#primaryimage"},"thumbnailUrl":"https:\/\/czecrin.cz\/wp-content\/uploads\/2026\/02\/image-3.png","datePublished":"2025-04-10T09:13:00+00:00","dateModified":"2026-08-20T11:28:50+00:00","breadcrumb":{"@id":"https:\/\/czecrin.cz\/en\/professional-meeting-with-prague-bio\/#breadcrumb"},"inLanguage":"en-US","potentialAction":[{"@type":"ReadAction","target":["https:\/\/czecrin.cz\/en\/professional-meeting-with-prague-bio\/"]}]},{"@type":"ImageObject","inLanguage":"en-US","@id":"https:\/\/czecrin.cz\/en\/professional-meeting-with-prague-bio\/#primaryimage","url":"https:\/\/czecrin.cz\/wp-content\/uploads\/2026\/02\/image-3.png","contentUrl":"https:\/\/czecrin.cz\/wp-content\/uploads\/2026\/02\/image-3.png"},{"@type":"BreadcrumbList","@id":"https:\/\/czecrin.cz\/en\/professional-meeting-with-prague-bio\/#breadcrumb","itemListElement":[{"@type":"ListItem","position":1,"name":"Dom\u016f","item":"https:\/\/czecrin.cz\/en\/"},{"@type":"ListItem","position":2,"name":"Professional Meeting with Prague.bio"}]},{"@type":"WebSite","@id":"https:\/\/czecrin.cz\/en\/#website","url":"https:\/\/czecrin.cz\/en\/","name":"CZECRIN","description":"\u010cesk\u00e1 n\u00e1rodn\u00ed s\u00ed\u0165 pro podporu klinick\u00e9ho v\u00fdzkumu","publisher":{"@id":"https:\/\/czecrin.cz\/en\/#organization"},"alternateName":"\u010cesk\u00e1 n\u00e1rodn\u00ed s\u00ed\u0165 pro podporu klinick\u00e9ho v\u00fdzkumu","potentialAction":[{"@type":"SearchAction","target":{"@type":"EntryPoint","urlTemplate":"https:\/\/czecrin.cz\/en\/?s={search_term_string}"},"query-input":{"@type":"PropertyValueSpecification","valueRequired":true,"valueName":"search_term_string"}}],"inLanguage":"en-US"},{"@type":"Organization","@id":"https:\/\/czecrin.cz\/en\/#organization","name":"VVI CZECRIN","alternateName":"\u010cesk\u00e1 n\u00e1rodn\u00ed s\u00ed\u0165 pro podporu klinick\u00e9ho v\u00fdzkumu","url":"https:\/\/czecrin.cz\/en\/","logo":{"@type":"ImageObject","inLanguage":"en-US","@id":"https:\/\/czecrin.cz\/en\/#\/schema\/logo\/image\/","url":"https:\/\/czecrin.cz\/wp-content\/uploads\/2025\/02\/czecrin__zakladni-logo-1.png","contentUrl":"https:\/\/czecrin.cz\/wp-content\/uploads\/2025\/02\/czecrin__zakladni-logo-1.png","width":1733,"height":952,"caption":"VVI CZECRIN"},"image":{"@id":"https:\/\/czecrin.cz\/en\/#\/schema\/logo\/image\/"},"sameAs":["https:\/\/www.facebook.com\/czecrin","https:\/\/www.linkedin.com\/company\/czecrin\/"]},{"@type":"Person","@id":"https:\/\/czecrin.cz\/en\/#\/schema\/person\/33576b449c3ae5c5313228bdc5498dbb","name":"Mark\u00e9ta Sala\u010dov\u00e1","image":{"@type":"ImageObject","inLanguage":"en-US","@id":"https:\/\/secure.gravatar.com\/avatar\/dd5fbca3038ee924717e78a62dd34c2f6167f10cb1e9dab4774d11ea3d205812?s=96&d=mm&r=g","url":"https:\/\/secure.gravatar.com\/avatar\/dd5fbca3038ee924717e78a62dd34c2f6167f10cb1e9dab4774d11ea3d205812?s=96&d=mm&r=g","contentUrl":"https:\/\/secure.gravatar.com\/avatar\/dd5fbca3038ee924717e78a62dd34c2f6167f10cb1e9dab4774d11ea3d205812?s=96&d=mm&r=g","caption":"Mark\u00e9ta Sala\u010dov\u00e1"},"description":"Works in PR and marketing at Masaryk University, focusing on communication and outreach in clinical research. She is involved in national and international research infrastructures, supporting visibility, collaboration, and knowledge transfer in the biomedical research environment.","sameAs":["https:\/\/www.linkedin.com\/in\/marketasalacova\/"]}]}},"_links":{"self":[{"href":"https:\/\/czecrin.cz\/en\/wp-json\/wp\/v2\/posts\/13353","targetHints":{"allow":["GET"]}}],"collection":[{"href":"https:\/\/czecrin.cz\/en\/wp-json\/wp\/v2\/posts"}],"about":[{"href":"https:\/\/czecrin.cz\/en\/wp-json\/wp\/v2\/types\/post"}],"author":[{"embeddable":true,"href":"https:\/\/czecrin.cz\/en\/wp-json\/wp\/v2\/users\/5"}],"replies":[{"embeddable":true,"href":"https:\/\/czecrin.cz\/en\/wp-json\/wp\/v2\/comments?post=13353"}],"version-history":[{"count":1,"href":"https:\/\/czecrin.cz\/en\/wp-json\/wp\/v2\/posts\/13353\/revisions"}],"predecessor-version":[{"id":13354,"href":"https:\/\/czecrin.cz\/en\/wp-json\/wp\/v2\/posts\/13353\/revisions\/13354"}],"wp:attachment":[{"href":"https:\/\/czecrin.cz\/en\/wp-json\/wp\/v2\/media?parent=13353"}],"wp:term":[{"taxonomy":"category","embeddable":true,"href":"https:\/\/czecrin.cz\/en\/wp-json\/wp\/v2\/categories?post=13353"},{"taxonomy":"post_tag","embeddable":true,"href":"https:\/\/czecrin.cz\/en\/wp-json\/wp\/v2\/tags?post=13353"},{"taxonomy":"newsnews","embeddable":true,"href":"https:\/\/czecrin.cz\/en\/wp-json\/wp\/v2\/newsnews?post=13353"}],"curies":[{"name":"wp","href":"https:\/\/api.w.org\/{rel}","templated":true}]}}